{"id":180,"date":"2025-03-31T09:03:25","date_gmt":"2025-03-31T07:03:25","guid":{"rendered":"https:\/\/dmreformasymantenimiento.com\/?p=180"},"modified":"2026-02-02T14:38:52","modified_gmt":"2026-02-02T13:38:52","slug":"reforma-de-cocina-en-tabernas","status":"publish","type":"post","link":"https:\/\/dmreformasymantenimiento.com\/en_us\/reforma-de-cocina-en-tabernas\/","title":{"rendered":"Reforma de cocina en Tabernas"},"content":{"rendered":"<h2 class=\"wp-block-heading\">Precios reales, ideas pr\u00e1cticas y consejos para acertar a la primera<\/h2>\n\n\n\n<p>La <strong>reforma de la cocina<\/strong> es una de las obras m\u00e1s habituales\u2026 y tambi\u00e9n una de las m\u00e1s delicadas. Es el coraz\u00f3n de la casa y cualquier error se paga caro con el uso diario.<\/p>\n\n\n\n<p>Aqu\u00ed te contamos <strong>cu\u00e1nto cuesta reformar una cocina en Tabernas<\/strong>, qu\u00e9 ideas funcionan mejor seg\u00fan el espacio y los <strong>consejos clave<\/strong> para no equivocarte.<\/p>\n\n\n\n<hr class=\"wp-block-separator has-alpha-channel-opacity\"\/>\n\n\n\n<h2 class=\"wp-block-heading\">\ud83d\udcb0 \u00bfCu\u00e1nto cuesta una reforma de cocina en Tabernas?<\/h2>\n\n\n\n<p>En 2026, los precios orientativos son:<\/p>\n\n\n\n<figure class=\"wp-block-table\"><table class=\"has-fixed-layout\"><thead><tr><th>Tipo de cocina<\/th><th>Precio aproximado<\/th><\/tr><\/thead><tbody><tr><td>Cocina peque\u00f1a (6\u20138 m\u00b2)<\/td><td><strong>5.000 \u20ac \u2013 8.000 \u20ac<\/strong><\/td><\/tr><tr><td>Cocina media (9\u201312 m\u00b2)<\/td><td><strong>8.000 \u20ac \u2013 12.000 \u20ac<\/strong><\/td><\/tr><tr><td>Cocina grande o abierta<\/td><td><strong>12.000 \u20ac \u2013 18.000 \u20ac<\/strong><\/td><\/tr><\/tbody><\/table><\/figure>\n\n\n\n<p>\ud83d\udccc El precio final depende sobre todo de <strong>mobiliario, encimera y electrodom\u00e9sticos<\/strong>.<\/p>\n\n\n\n<hr class=\"wp-block-separator has-alpha-channel-opacity\"\/>\n\n\n\n<h2 class=\"wp-block-heading\">\ud83d\udd0e \u00bfQu\u00e9 influye m\u00e1s en el precio?<\/h2>\n\n\n\n<p>Estos son los factores decisivos:<\/p>\n\n\n\n<h3 class=\"wp-block-heading\">1\ufe0f\u20e3 Muebles de cocina<\/h3>\n\n\n\n<ul class=\"wp-block-list\">\n<li>Gama b\u00e1sica \u2192 m\u00e1s econ\u00f3micos, menos durabilidad<\/li>\n\n\n\n<li>Gama media\/alta \u2192 mejor resistencia y acabados<\/li>\n<\/ul>\n\n\n\n<p>\ud83d\udc49 Aqu\u00ed <strong>no conviene escatimar<\/strong>.<\/p>\n\n\n\n<hr class=\"wp-block-separator has-alpha-channel-opacity\"\/>\n\n\n\n<h3 class=\"wp-block-heading\">2\ufe0f\u20e3 Encimera<\/h3>\n\n\n\n<p>Las m\u00e1s habituales:<\/p>\n\n\n\n<ul class=\"wp-block-list\">\n<li>Cuarzo \u2192 equilibrio precio\/calidad<\/li>\n\n\n\n<li>Porcel\u00e1nico \u2192 muy resistente y est\u00e9tico<\/li>\n\n\n\n<li>Granito \u2192 durabilidad cl\u00e1sica<\/li>\n<\/ul>\n\n\n\n<p>\ud83d\udccc La encimera puede suponer <strong>hasta el 20\u201330% del presupuesto<\/strong>.<\/p>\n\n\n\n<hr class=\"wp-block-separator has-alpha-channel-opacity\"\/>\n\n\n\n<h3 class=\"wp-block-heading\">3\ufe0f\u20e3 Cambios de fontaner\u00eda y electricidad<\/h3>\n\n\n\n<ul class=\"wp-block-list\">\n<li>Mover fregadero<\/li>\n\n\n\n<li>Cambiar ubicaci\u00f3n de electrodom\u00e9sticos<\/li>\n\n\n\n<li>Nuevos puntos de luz<\/li>\n<\/ul>\n\n\n\n<p>\ud83d\udc49 Cada cambio suma, pero bien planificado merece la pena.<\/p>\n\n\n\n<hr class=\"wp-block-separator has-alpha-channel-opacity\"\/>\n\n\n\n<h3 class=\"wp-block-heading\">4\ufe0f\u20e3 Abrir la cocina al sal\u00f3n<\/h3>\n\n\n\n<p>Muy habitual en Tabernas:<\/p>\n\n\n\n<ul class=\"wp-block-list\">\n<li>M\u00e1s luz<\/li>\n\n\n\n<li>Sensaci\u00f3n de amplitud<\/li>\n\n\n\n<li>Revalorizaci\u00f3n de la vivienda<\/li>\n<\/ul>\n\n\n\n<p>\u26a0\ufe0f Ojo si hay muros de carga: hay que estudiarlo bien.<\/p>\n\n\n\n<hr class=\"wp-block-separator has-alpha-channel-opacity\"\/>\n\n\n\n<h2 class=\"wp-block-heading\">\ud83d\udca1 Ideas que funcionan (y no pasan de moda)<\/h2>\n\n\n\n<h3 class=\"wp-block-heading\">\u2714\ufe0f Cocinas abiertas<\/h3>\n\n\n\n<p>Perfectas para viviendas peque\u00f1as o para ganar amplitud.<\/p>\n\n\n\n<h3 class=\"wp-block-heading\">\u2714\ufe0f Colores claros<\/h3>\n\n\n\n<p>Blancos, beiges y tonos arena funcionan genial con la luz de Almer\u00eda.<\/p>\n\n\n\n<h3 class=\"wp-block-heading\">\u2714\ufe0f Almacenaje hasta techo<\/h3>\n\n\n\n<p>M\u00e1s orden y mejor aprovechamiento del espacio.<\/p>\n\n\n\n<h3 class=\"wp-block-heading\">\u2714\ufe0f Iluminaci\u00f3n bien pensada<\/h3>\n\n\n\n<ul class=\"wp-block-list\">\n<li>Luz general<\/li>\n\n\n\n<li>Luz bajo muebles<\/li>\n\n\n\n<li>Iluminaci\u00f3n puntual en zonas de trabajo<\/li>\n<\/ul>\n\n\n\n<hr class=\"wp-block-separator has-alpha-channel-opacity\"\/>\n\n\n\n<h2 class=\"wp-block-heading\">\ud83e\uddf1 \u00bfQu\u00e9 incluye normalmente una reforma de cocina?<\/h2>\n\n\n\n<p>Una reforma completa suele incluir:<\/p>\n\n\n\n<ul class=\"wp-block-list\">\n<li>\u2714\ufe0f Demolici\u00f3n y retirada de escombros<\/li>\n\n\n\n<li>\u2714\ufe0f Fontaner\u00eda nueva<\/li>\n\n\n\n<li>\u2714\ufe0f Electricidad adaptada<\/li>\n\n\n\n<li>\u2714\ufe0f Alicatado o revestimientos<\/li>\n\n\n\n<li>\u2714\ufe0f Muebles de cocina<\/li>\n\n\n\n<li>\u2714\ufe0f Encimera<\/li>\n\n\n\n<li>\u2714\ufe0f Colocaci\u00f3n de electrodom\u00e9sticos<\/li>\n\n\n\n<li>\u2714\ufe0f Pintura y remates<\/li>\n<\/ul>\n\n\n\n<p>\ud83d\udccc Siempre revisa <strong>qu\u00e9 est\u00e1 incluido y qu\u00e9 no<\/strong> en el presupuesto.<\/p>\n\n\n\n<hr class=\"wp-block-separator has-alpha-channel-opacity\"\/>\n\n\n\n<h2 class=\"wp-block-heading\">\u274c Errores comunes al reformar la cocina<\/h2>\n\n\n\n<p>Evita estos fallos t\u00edpicos:<\/p>\n\n\n\n<ul class=\"wp-block-list\">\n<li>\u274c Priorizar solo la est\u00e9tica<\/li>\n\n\n\n<li>\u274c No pensar en el uso diario<\/li>\n\n\n\n<li>\u274c Escatimar en muebles o herrajes<\/li>\n\n\n\n<li>\u274c Mala iluminaci\u00f3n<\/li>\n\n\n\n<li>\u274c No dejar suficientes enchufes<\/li>\n<\/ul>\n\n\n\n<p>\ud83d\udc49 Una cocina bonita pero inc\u00f3moda es un error caro.<\/p>\n\n\n\n<hr class=\"wp-block-separator has-alpha-channel-opacity\"\/>\n\n\n\n<h2 class=\"wp-block-heading\">\u2753 Preguntas frecuentes<\/h2>\n\n\n\n<p><strong>\u00bfCu\u00e1nto dura una reforma de cocina?<\/strong><br>Normalmente entre <strong>2 y 4 semanas<\/strong>.<\/p>\n\n\n\n<p><strong>\u00bfPuedo usar la cocina durante la obra?<\/strong><br>No. Es recomendable organizarse antes.<\/p>\n\n\n\n<p><strong>\u00bfSe puede ajustar el presupuesto?<\/strong><br>S\u00ed, eligiendo bien materiales sin perder funcionalidad.<\/p>\n\n\n\n<hr class=\"wp-block-separator has-alpha-channel-opacity\"\/>\n\n\n\n<h2 class=\"wp-block-heading\">\ud83d\udcde \u00bfPensando en reformar tu cocina?<\/h2>\n\n\n\n<p>Si quieres una <strong>reforma de cocina en Tabernas<\/strong> bien hecha, con materiales duraderos y sin sorpresas, lo mejor es estudiar tu caso concreto.<\/p>\n\n\n\n<p>\ud83d\udc49 <strong>Solicita tu presupuesto sin compromiso<\/strong><br>\ud83d\udc49 Te asesoramos para que aciertes desde el primer d\u00eda<\/p>","protected":false},"excerpt":{"rendered":"<p>Precios reales, ideas pr\u00e1cticas y consejos para acertar a la primera La reforma de la cocina es una de las obras m\u00e1s habituales\u2026 y tambi\u00e9n una de las m\u00e1s delicadas. Es el coraz\u00f3n de la casa y cualquier error se paga caro con el uso diario. Aqu\u00ed te contamos cu\u00e1nto cuesta reformar una cocina en [&hellip;]<\/p>","protected":false},"author":2,"featured_media":131,"comment_status":"open","ping_status":"open","sticky":false,"template":"","format":"standard","meta":{"_joinchat":[],"footnotes":""},"categories":[1],"tags":[],"class_list":["post-180","post","type-post","status-publish","format-standard","has-post-thumbnail","hentry","category-uncategorized"],"_links":{"self":[{"href":"https:\/\/dmreformasymantenimiento.com\/en_us\/wp-json\/wp\/v2\/posts\/180","targetHints":{"allow":["GET"]}}],"collection":[{"href":"https:\/\/dmreformasymantenimiento.com\/en_us\/wp-json\/wp\/v2\/posts"}],"about":[{"href":"https:\/\/dmreformasymantenimiento.com\/en_us\/wp-json\/wp\/v2\/types\/post"}],"author":[{"embeddable":true,"href":"https:\/\/dmreformasymantenimiento.com\/en_us\/wp-json\/wp\/v2\/users\/2"}],"replies":[{"embeddable":true,"href":"https:\/\/dmreformasymantenimiento.com\/en_us\/wp-json\/wp\/v2\/comments?post=180"}],"version-history":[{"count":2,"href":"https:\/\/dmreformasymantenimiento.com\/en_us\/wp-json\/wp\/v2\/posts\/180\/revisions"}],"predecessor-version":[{"id":858,"href":"https:\/\/dmreformasymantenimiento.com\/en_us\/wp-json\/wp\/v2\/posts\/180\/revisions\/858"}],"wp:featuredmedia":[{"embeddable":true,"href":"https:\/\/dmreformasymantenimiento.com\/en_us\/wp-json\/wp\/v2\/media\/131"}],"wp:attachment":[{"href":"https:\/\/dmreformasymantenimiento.com\/en_us\/wp-json\/wp\/v2\/media?parent=180"}],"wp:term":[{"taxonomy":"category","embeddable":true,"href":"https:\/\/dmreformasymantenimiento.com\/en_us\/wp-json\/wp\/v2\/categories?post=180"},{"taxonomy":"post_tag","embeddable":true,"href":"https:\/\/dmreformasymantenimiento.com\/en_us\/wp-json\/wp\/v2\/tags?post=180"}],"curies":[{"name":"wp","href":"https:\/\/api.w.org\/{rel}","templated":true}]}}